{"id":5162,"date":"2013-08-16T12:20:47","date_gmt":"2013-08-16T11:20:47","guid":{"rendered":"http:\/\/www.iyscpt.com\/?p=5162"},"modified":"2013-08-16T12:20:47","modified_gmt":"2013-08-16T11:20:47","slug":"tempo-de-balancos-foi-muito-bom-para-o-ano-ha-mais-2","status":"publish","type":"post","link":"http:\/\/www.iyscpt.com\/?p=5162","title":{"rendered":"Tempo de balan\u00e7os: foi muito bom, para o ano h\u00e1 mais!"},"content":{"rendered":"<p>(quinta-feira, 15 de Agosto) &#8211; Ao fim de todos estes dias de atividades, o dia que mais tem\u00edamos chegou!<br \/>\nCome\u00e7ou por ser mais um dia normal, com uma manh\u00e3 prolongada, mais relaxada, em que pudemos dormir at\u00e9 mais tarde (j\u00e1 estav\u00e1mos a precisar deste manh\u00e3 livre!), que se reverteu numa tarde de sol na piscina (e que tarde: escorregas,  de v\u00e1rias formas, sozinhos, em comboio, deitados, de p\u00e9, de frente, de costas&#8230; fant\u00e1stico e divertid\u00edssimo), e que, por fim,  se transformou na noite das despedidas.<br \/>\nAo longo destas f\u00e9rias, aprendemos o que significa ser a Europa. Cooper\u00e1mos, vivemos em comunidade, cri\u00e1mos amizades, partilh\u00e1mos sentimentos e emo\u00e7\u00f5es. Torn\u00e1mo-nos uma fam\u00edlia! E, \u00e0 luz do que s\u00e3o os princ\u00edpios da Europa, n\u00e3o somos uma fam\u00edlia? Ou n\u00e3o dever\u00edamos ser?<\/p>\n<p>Os workshps foram muito \u00fateis para nos fazerem descobrir, a brincar, de forma l\u00fadica, que a COMUNICA\u00c7\u00c3O (o entendimento) \u00e9 sempre poss\u00edvel.<br \/>\nLogo nas primeiras reuni\u00f5es, come\u00e7\u00e1mos a trocar impress\u00f5es,  a conhecermo-nos melhor!<br \/>\nAssim que cheg\u00e1mos depar\u00e1mo-nos com a realidade h\u00e1 muito esperada, apresentaram-nos os nossos colegas franceses e alem\u00e3es que partilharam connosco todas as experi\u00eancias.<br \/>\nO que mais nos marcou foi o facto de podermos vivenciar outras formas de enfrentar as dificuldades que podem surgir ao longo da nossa vida.<br \/>\nNestes dias, a visita \u00e0s cidades, assim como as idas \u00e0 piscina e os workshps proporcionaram-nos momentos de divers\u00e3o e aprendizagem, que nos tornaram melhores pessoas.<br \/>\nA visita ao Museu do Di\u00e1logo tamb\u00e9m nos marcou nesta aventura, bem como o &#8220;Blind Football&#8221;. Podemos mesmo admitir que os momentos que passamos com os invisuais nos fizeram pensar na sorte que temos em poder ver. Talvez a li\u00e7\u00e3o mais importante de tudo isto seja que n\u00e3o existe dificuldade nenhuma inultrapass\u00e1vel.  Se nos esfor\u00e7armos poderemos fazer sempre melhor.<\/p>\n<p>Tamb\u00e9m nos surpreendemos com o &#8220;city-bound&#8221;, um jogo que tinha como objetivo angariar o m\u00e1ximo de salgadinhos, doces e bebidas para a festa de ontem \u00e0 noite. <\/p>\n<p>Nem imaginam o que conseguimos. No in\u00edcio, quando nos deram uma ma\u00e7\u00e3, a cada um dos quatro grupos, nem quer\u00edamos acreditar. Uma ma\u00e7\u00e3? Daaaaaaahhhh!!!!! O que poderemos trocar por uma ma\u00e7\u00e3? E a verdade \u00e9 que, com esta atividade, conclu\u00edmos que muitos alem\u00e3es alinham nas nossas brincadeiras e demonstram generosidade para connosco. No final, conseguimos ter uma mesa farta que nos deliciou enquanto dan\u00e7\u00e1vamos ao som de excelente m\u00fasica. Divertimo-nos \u00e0 brava! Mas j\u00e1 come\u00e7\u00e1mos a chorar, vai ser dif\u00edcil separarmo-nos!<br \/>\nDurante este Summercamp tom\u00e1mos decis\u00f5es corretas e erradas, experiment\u00e1mos novos paladares, por vezes, n\u00e3o do nosso agrado, come\u00e7\u00e1mos a pensar com mais consci\u00eancia sobre a EUROPA, enquanto comunidade, e, acima de tudo, cri\u00e1mos la\u00e7os de amizade e divertimo-nos imenso! Valeu mesmo, mesmo, mesmo, mesmo muito a pena&#8230; Sabem l\u00e1 o que perderam&#8230;<br \/>\nE agora vamos l\u00e1 curtir a festa de despedida \u00e0 volta da fogueira, com umas gomas assadas. Ai, ai, ai, que isto vai custar&#8230;<br \/>\nAt\u00e9 para o ano!!!<\/p>\n<p>No final, deixamos um breve coment\u00e1rio de cada um de n\u00f3s:<\/p>\n<p>O summer camp foi uma experi\u00eancia \u00fanica onde me diverti imenso. Jo\u00e3o<\/p>\n<p>Todos os momentos deste summer camp foram inesquec\u00edveis. \u00c9 uma experi\u00eancia a repetir. Patr\u00edcia<\/p>\n<p>O IYSC \u00e9 a melhor forma de conhecer jovens de outros pa\u00edses&#8230; Mariana<\/p>\n<p>Vivi experi\u00eancias fant\u00e1sticas que me marcaram muito. Fiz amizades fant\u00e1sticas. Helena<\/p>\n<p>Fiz amizades e vivi momentos que nunca vou esquecer. \u00c9 sem d\u00favida uma viagem pra vida. Renato<\/p>\n<p>Foi uma experi\u00eancia inesquec\u00edvel e para repetir. Conheci pessoas que me marcaram imenso e com quem quero manter-me em contacto. Paula<\/p>\n<p>Adorei! Foi uma \u00f3tima experi\u00eancia que adorava repetir. Aprendi muito, conheci muitos amigos e visitei novos s\u00edtios. Mafalda<\/p>\n<p>Gostei muito, gostaria de repetir, fazer novos amigos, conhecer novos lugares. Conheci pessoas maravilhosas. Inesquec\u00edvel! Adorei! Carlos<\/p>\n<p>Este summer camp foi sem d\u00favida uma das melhores experi\u00eancias que j\u00e1 vivenciei. Conheci pessos espetaculares. N\u00e3o podia ter sido melhor! Quanto \u00e0s atividades, gostei de todas. Mesmo! Contem comigo para o ano !!! Carolina<\/p>\n\n\t\t<style type=\"text\/css\">\n\t\t\t#gallery-1 {\n\t\t\t\tmargin: auto;\n\t\t\t}\n\t\t\t#gallery-1 .gallery-item {\n\t\t\t\tfloat: left;\n\t\t\t\tmargin-top: 10px;\n\t\t\t\ttext-align: center;\n\t\t\t\twidth: 33%;\n\t\t\t}\n\t\t\t#gallery-1 img {\n\t\t\t\tborder: 2px solid #cfcfcf;\n\t\t\t}\n\t\t\t#gallery-1 .gallery-caption {\n\t\t\t\tmargin-left: 0;\n\t\t\t}\n\t\t\t\/* see gallery_shortcode() in wp-includes\/media.php *\/\n\t\t<\/style>\n\t\t<div id='gallery-1' class='gallery galleryid-5162 gallery-columns-3 gallery-size-thumbnail'><dl class='gallery-item'>\n\t\t\t<dt class='gallery-icon landscape'>\n\t\t\t\t<a href='http:\/\/www.iyscpt.com\/wp-content\/uploads\/2013\/08\/0134.jpg' class=\"thickbox no_icon\"><img width=\"290\" height=\"290\" src=\"http:\/\/www.iyscpt.com\/wp-content\/uploads\/2013\/08\/0134-290x290.jpg\" class=\"attachment-thumbnail size-thumbnail\" alt=\"\" loading=\"lazy\" srcset=\"http:\/\/www.iyscpt.com\/wp-content\/uploads\/2013\/08\/0134-290x290.jpg 290w, http:\/\/www.iyscpt.com\/wp-content\/uploads\/2013\/08\/0134-50x50.jpg 50w\" sizes=\"(max-width: 290px) 100vw, 290px\" \/><\/a>\n\t\t\t<\/dt><\/dl><dl class='gallery-item'>\n\t\t\t<dt class='gallery-icon landscape'>\n\t\t\t\t<a href='http:\/\/www.iyscpt.com\/wp-content\/uploads\/2013\/08\/0234.jpg' class=\"thickbox no_icon\"><img width=\"290\" height=\"290\" src=\"http:\/\/www.iyscpt.com\/wp-content\/uploads\/2013\/08\/0234-290x290.jpg\" class=\"attachment-thumbnail size-thumbnail\" alt=\"\" loading=\"lazy\" srcset=\"http:\/\/www.iyscpt.com\/wp-content\/uploads\/2013\/08\/0234-290x290.jpg 290w, http:\/\/www.iyscpt.com\/wp-content\/uploads\/2013\/08\/0234-50x50.jpg 50w\" sizes=\"(max-width: 290px) 100vw, 290px\" \/><\/a>\n\t\t\t<\/dt><\/dl><dl class='gallery-item'>\n\t\t\t<dt class='gallery-icon landscape'>\n\t\t\t\t<a href='http:\/\/www.iyscpt.com\/wp-content\/uploads\/2013\/08\/0333.jpg' class=\"thickbox no_icon\"><img width=\"290\" height=\"290\" src=\"http:\/\/www.iyscpt.com\/wp-content\/uploads\/2013\/08\/0333-290x290.jpg\" class=\"attachment-thumbnail size-thumbnail\" alt=\"\" loading=\"lazy\" srcset=\"http:\/\/www.iyscpt.com\/wp-content\/uploads\/2013\/08\/0333-290x290.jpg 290w, http:\/\/www.iyscpt.com\/wp-content\/uploads\/2013\/08\/0333-50x50.jpg 50w\" sizes=\"(max-width: 290px) 100vw, 290px\" \/><\/a>\n\t\t\t<\/dt><\/dl><br style=\"clear: both\" \/><dl class='gallery-item'>\n\t\t\t<dt class='gallery-icon landscape'>\n\t\t\t\t<a href='http:\/\/www.iyscpt.com\/wp-content\/uploads\/2013\/08\/0432.jpg' class=\"thickbox no_icon\"><img width=\"290\" height=\"290\" src=\"http:\/\/www.iyscpt.com\/wp-content\/uploads\/2013\/08\/0432-290x290.jpg\" class=\"attachment-thumbnail size-thumbnail\" alt=\"\" loading=\"lazy\" srcset=\"http:\/\/www.iyscpt.com\/wp-content\/uploads\/2013\/08\/0432-290x290.jpg 290w, http:\/\/www.iyscpt.com\/wp-content\/uploads\/2013\/08\/0432-50x50.jpg 50w\" sizes=\"(max-width: 290px) 100vw, 290px\" \/><\/a>\n\t\t\t<\/dt><\/dl><dl class='gallery-item'>\n\t\t\t<dt class='gallery-icon landscape'>\n\t\t\t\t<a href='http:\/\/www.iyscpt.com\/wp-content\/uploads\/2013\/08\/0527.jpg' class=\"thickbox no_icon\"><img width=\"290\" height=\"290\" src=\"http:\/\/www.iyscpt.com\/wp-content\/uploads\/2013\/08\/0527-290x290.jpg\" class=\"attachment-thumbnail size-thumbnail\" alt=\"\" loading=\"lazy\" srcset=\"http:\/\/www.iyscpt.com\/wp-content\/uploads\/2013\/08\/0527-290x290.jpg 290w, http:\/\/www.iyscpt.com\/wp-content\/uploads\/2013\/08\/0527-50x50.jpg 50w\" sizes=\"(max-width: 290px) 100vw, 290px\" \/><\/a>\n\t\t\t<\/dt><\/dl>\n\t\t\t<br style='clear: both' \/>\n\t\t<\/div>\n\n","protected":false},"excerpt":{"rendered":"<p>(quinta-feira, 15 de Agosto) &#8211; Ao fim de todos estes dias de atividades, o dia que mais tem\u00edamos chegou! Come\u00e7ou por ser mais um dia normal, com uma manh\u00e3 prolongada, mais relaxada, em que pudemos dormir at\u00e9 mais tarde (j\u00e1 estav\u00e1mos a precisar deste manh\u00e3 livre!), que se reverteu numa tarde de sol na piscina (e que tarde: escorregas, de v\u00e1rias formas, sozinhos, em comboio, deitados, de p\u00e9, de frente, de costas&#8230; fant\u00e1stico e divertid\u00edssimo), e que, por fim, se transformou na noite das despedidas. Ao longo destas f\u00e9rias, aprendemos o que significa ser a Europa. Cooper\u00e1mos, vivemos em comunidade, cri\u00e1mos amizades, partilh\u00e1mos sentimentos e emo\u00e7\u00f5es. Torn\u00e1mo-nos uma fam\u00edlia! E, \u00e0 luz do que s\u00e3o os princ\u00edpios da Europa, n\u00e3o somos uma fam\u00edlia? Ou n\u00e3o dever\u00edamos ser? Os workshps foram muito \u00fateis para nos fazerem descobrir, a brincar, de forma l\u00fadica, que a COMUNICA\u00c7\u00c3O (o entendimento) \u00e9 sempre poss\u00edvel. Logo nas primeiras reuni\u00f5es, come\u00e7\u00e1mos a trocar impress\u00f5es, a conhecermo-nos melhor! Assim que cheg\u00e1mos depar\u00e1mo-nos com a realidade h\u00e1 muito esperada, apresentaram-nos os nossos colegas franceses e alem\u00e3es que partilharam connosco todas as experi\u00eancias. O que mais nos marcou foi o facto de podermos vivenciar outras formas de enfrentar as dificuldades [&hellip;]<\/p>\n","protected":false},"author":1,"featured_media":5157,"comment_status":"open","ping_status":"open","sticky":false,"template":"","format":"standard","meta":{"ngg_post_thumbnail":0},"categories":[33],"tags":[],"_links":{"self":[{"href":"http:\/\/www.iyscpt.com\/index.php?rest_route=\/wp\/v2\/posts\/5162"}],"collection":[{"href":"http:\/\/www.iyscpt.com\/index.php?rest_route=\/wp\/v2\/posts"}],"about":[{"href":"http:\/\/www.iyscpt.com\/index.php?rest_route=\/wp\/v2\/types\/post"}],"author":[{"embeddable":true,"href":"http:\/\/www.iyscpt.com\/index.php?rest_route=\/wp\/v2\/users\/1"}],"replies":[{"embeddable":true,"href":"http:\/\/www.iyscpt.com\/index.php?rest_route=%2Fwp%2Fv2%2Fcomments&post=5162"}],"version-history":[{"count":1,"href":"http:\/\/www.iyscpt.com\/index.php?rest_route=\/wp\/v2\/posts\/5162\/revisions"}],"predecessor-version":[{"id":5164,"href":"http:\/\/www.iyscpt.com\/index.php?rest_route=\/wp\/v2\/posts\/5162\/revisions\/5164"}],"wp:featuredmedia":[{"embeddable":true,"href":"http:\/\/www.iyscpt.com\/index.php?rest_route=\/wp\/v2\/media\/5157"}],"wp:attachment":[{"href":"http:\/\/www.iyscpt.com\/index.php?rest_route=%2Fwp%2Fv2%2Fmedia&parent=5162"}],"wp:term":[{"taxonomy":"category","embeddable":true,"href":"http:\/\/www.iyscpt.com\/index.php?rest_route=%2Fwp%2Fv2%2Fcategories&post=5162"},{"taxonomy":"post_tag","embeddable":true,"href":"http:\/\/www.iyscpt.com\/index.php?rest_route=%2Fwp%2Fv2%2Ftags&post=5162"}],"curies":[{"name":"wp","href":"https:\/\/api.w.org\/{rel}","templated":true}]}}