{"id":5032,"date":"2013-08-13T11:40:16","date_gmt":"2013-08-13T10:40:16","guid":{"rendered":"http:\/\/www.iyscpt.com\/?p=5032"},"modified":"2013-08-13T11:40:16","modified_gmt":"2013-08-13T10:40:16","slug":"europa-euro-uniao-europeia-tres-conceitos-para-conhecer-de-cor-e-salteado-nos-somos-europa","status":"publish","type":"post","link":"http:\/\/www.iyscpt.com\/?p=5032","title":{"rendered":"EUROPA, EURO, UNI\u00c3O EUROPEIA &#8211; tr\u00eas conceitos para conhecer de cor e salteado. N\u00f3s somos Europa!"},"content":{"rendered":"<p>(Segunda-feira, 12, Agosto) &#8211; C\u00e1 estamos n\u00f3s mais uma vez, prontos a contar-vos todas as novidades&#8230; Ontem \u00e0 noite, depois de um formid\u00e1vel e radical dia de piscina, era o dia de anivers\u00e1rio de um dos participantes e decidimos em conjunto fazer-lhe uma surpresa e cantar-lhe os famosos &#8220;Parab\u00e9ns&#8221;, oferecendo-lhe um cart\u00e3o de anivers\u00e1rio com uma dedicat\u00f3ria de cada um de n\u00f3s. Nessa mesma noite, todos os nossos animadores decidiram dar-nos uma noite para descansar mais cedo, porem n\u00f3s como adolescentes e com toda a nossa energia, aproveit\u00e1mos esse tempo nos quartos para por &#8220;a conversa em dia&#8221;, eh eh eh.<br \/>\nHoje de manh\u00e3, depois do pequeno almo\u00e7o, inici\u00e1mos mais uma parte do workshop sobre a &#8220;Europa&#8221;, desta vez com a presen\u00e7a do Stefan, diretor da casa que nos acolhe neste summer camp.<br \/>\nTodos os participantes foram divididos em grupos. As propostas eram: &#8220;Europa&#8221;, &#8220;Euro&#8221;, &#8220;Uni\u00e3o Europeia&#8221; e por \u00faltimo &#8220;ONU&#8221; e &#8220;NATO&#8221;, que ningu\u00e9m escolheu.<br \/>\nO objetivo, neste Dia Internacional da Juventude, estabelecido pela ONU, como lembrou o Stefan, era sermos detetives e investigadores. Cada grupo teria de ir \u00e0 procura de material e de elementos sobre cada um dos t\u00edtulos. Na internet, em revistas, dentro e fora da casa.<br \/>\nCada grupo de trabalho teria de apresentar um painel com colagens, desenhos e pinturas&#8230; primeiro, foi necess\u00e1rio conversarmos uns com os outros, trocar ideias para perceber se aquilo que de facto pens\u00e1vamos sobre a Europa \u00e9 a realidade. E sobre o que e como fazer.<br \/>\nO nosso grupo escolheu o tema &#8220;Europa&#8221; tendo de representar o continente Europeu e todos os pa\u00edses que o constituem, deixando algumas d\u00favidas de quantos seriam ao certo e acab\u00e1mos por descobrir que eram 49. Opt\u00e1mos por representar os pa\u00edses pintando as suas bandeiras e pudemos compreender, e connosco os nossos colegas, que a Europa \u00e9 um continente muito maior do que aquilo que represent\u00e1mos na primeira parte desta Oficina. Lembram-se que desenh\u00e1mos apenas meia d\u00fazia de pa\u00edses no mapa? A europa \u00e9 mesmo um grande continente.<\/p>\n<p>Outro dos temas foi a &#8220;Uni\u00e3o Europeia&#8221;, este bastante discutido deixando algumas curiosidades em suspense, como por exemplo, &#8220;quem decide quem entra e quem sai na Uni\u00e3o Europeia?&#8221;; &#8221; quais os pr\u00f3ximos pa\u00edses a entrar e a sair?&#8221;, e outras esclarecidas. Exemplificando, &#8220;Porque foi criada?&#8221;, cuja resposta \u00e9 essencialmente: EVITAR OUTRA GUERRA NA EUROPA. Tivemos tamb\u00e9m a oportunidade de descobrir um pouco mais sobre a t\u00e3o importante Uni\u00e3o Europeia, constitu\u00edda por 28 pa\u00edses.<\/p>\n<p>O terceiro grupo escolheu o tema &#8220;Euro&#8221;, que, como tudo, tem as suas vantagens e as suas desvantagens. Fal\u00e1mos essencialmente do valor do euro em todos os pa\u00edses aderentes e por isso compar\u00e1mos o presente e o passado, dando como exemplo o escudo, pois era uma das moedas de menos valor.<br \/>\nO euro veio uniformizar os pa\u00edses de maneira a facilitar as trocas comerciais e de pessoas, pois 1\u20ac em Portugal \u00e9 o mesmo que em todos os pa\u00edses da &#8220;zona euro&#8221; permitindo uma maior estabilidade. Mas \u00e9 claro que n\u00e3o podemos esquecer que cada pa\u00eds tem a sua pr\u00f3pria economia, o seu pr\u00f3prio custo de vida e tendo em conta isso afinal talvez o euro n\u00e3o valha o mesmo em todos os pa\u00edses.<\/p>\n<p>Todo este exerc\u00edcio permitiu uma reflex\u00e3o sobre todos estes temas, deixando muitas quest\u00f5es no ar. Afinal n\u00e3o h\u00e1 respostas para tudo!<\/p>\n<p>Mas tamb\u00e9m conseguimos refletir que n\u00f3s somos Europa. Com as nossas diferen\u00e7as, falando diferentes idiomas. N\u00d3S SOMOS EUROPA. Todos juntos somos Europa.<\/p>\n<p>J\u00e1 no fim de uma deliciosa refei\u00e7\u00e3o (nem por isso! j\u00e1 estamos um bocadinho cansados desta comida! que saudades da comida portuguesa! valeu o churrasco desta noite! UFA!!!), repetimos a emo\u00e7\u00e3o de um belo dia de piscina com imensas brincadeiras, saltos de prancha, torneio de v\u00f3lei, e, para n\u00e3o esquecer, no final do dia, uma bela experi\u00eancia no trampolim.<\/p>\n<p>E agora, c\u00e1 estamos todos juntos e felizes&#8230;at\u00e9 amanh\u00e3!<\/p>\n<p>Renato, Helena e Paula :))))<br \/>\n\n\t\t<style type=\"text\/css\">\n\t\t\t#gallery-1 {\n\t\t\t\tmargin: auto;\n\t\t\t}\n\t\t\t#gallery-1 .gallery-item {\n\t\t\t\tfloat: left;\n\t\t\t\tmargin-top: 10px;\n\t\t\t\ttext-align: center;\n\t\t\t\twidth: 33%;\n\t\t\t}\n\t\t\t#gallery-1 img {\n\t\t\t\tborder: 2px solid #cfcfcf;\n\t\t\t}\n\t\t\t#gallery-1 .gallery-caption {\n\t\t\t\tmargin-left: 0;\n\t\t\t}\n\t\t\t\/* see gallery_shortcode() in wp-includes\/media.php *\/\n\t\t<\/style>\n\t\t<div id='gallery-1' class='gallery galleryid-5032 gallery-columns-3 gallery-size-thumbnail'><dl class='gallery-item'>\n\t\t\t<dt class='gallery-icon landscape'>\n\t\t\t\t<a href='http:\/\/www.iyscpt.com\/wp-content\/uploads\/2013\/08\/0127.jpg' class=\"thickbox no_icon\"><img width=\"290\" height=\"290\" src=\"http:\/\/www.iyscpt.com\/wp-content\/uploads\/2013\/08\/0127-290x290.jpg\" class=\"attachment-thumbnail size-thumbnail\" alt=\"\" loading=\"lazy\" srcset=\"http:\/\/www.iyscpt.com\/wp-content\/uploads\/2013\/08\/0127-290x290.jpg 290w, http:\/\/www.iyscpt.com\/wp-content\/uploads\/2013\/08\/0127-50x50.jpg 50w\" sizes=\"(max-width: 290px) 100vw, 290px\" \/><\/a>\n\t\t\t<\/dt><\/dl><dl class='gallery-item'>\n\t\t\t<dt class='gallery-icon landscape'>\n\t\t\t\t<a href='http:\/\/www.iyscpt.com\/wp-content\/uploads\/2013\/08\/0227.jpg' class=\"thickbox no_icon\"><img width=\"290\" height=\"290\" src=\"http:\/\/www.iyscpt.com\/wp-content\/uploads\/2013\/08\/0227-290x290.jpg\" class=\"attachment-thumbnail size-thumbnail\" alt=\"\" loading=\"lazy\" srcset=\"http:\/\/www.iyscpt.com\/wp-content\/uploads\/2013\/08\/0227-290x290.jpg 290w, http:\/\/www.iyscpt.com\/wp-content\/uploads\/2013\/08\/0227-50x50.jpg 50w\" sizes=\"(max-width: 290px) 100vw, 290px\" \/><\/a>\n\t\t\t<\/dt><\/dl><dl class='gallery-item'>\n\t\t\t<dt class='gallery-icon landscape'>\n\t\t\t\t<a href='http:\/\/www.iyscpt.com\/wp-content\/uploads\/2013\/08\/0327.jpg' class=\"thickbox no_icon\"><img width=\"290\" height=\"290\" src=\"http:\/\/www.iyscpt.com\/wp-content\/uploads\/2013\/08\/0327-290x290.jpg\" class=\"attachment-thumbnail size-thumbnail\" alt=\"\" loading=\"lazy\" srcset=\"http:\/\/www.iyscpt.com\/wp-content\/uploads\/2013\/08\/0327-290x290.jpg 290w, http:\/\/www.iyscpt.com\/wp-content\/uploads\/2013\/08\/0327-50x50.jpg 50w\" sizes=\"(max-width: 290px) 100vw, 290px\" \/><\/a>\n\t\t\t<\/dt><\/dl><br style=\"clear: both\" \/><dl class='gallery-item'>\n\t\t\t<dt class='gallery-icon landscape'>\n\t\t\t\t<a href='http:\/\/www.iyscpt.com\/wp-content\/uploads\/2013\/08\/0426.jpg' class=\"thickbox no_icon\"><img width=\"290\" height=\"290\" src=\"http:\/\/www.iyscpt.com\/wp-content\/uploads\/2013\/08\/0426-290x290.jpg\" class=\"attachment-thumbnail size-thumbnail\" alt=\"\" loading=\"lazy\" srcset=\"http:\/\/www.iyscpt.com\/wp-content\/uploads\/2013\/08\/0426-290x290.jpg 290w, http:\/\/www.iyscpt.com\/wp-content\/uploads\/2013\/08\/0426-50x50.jpg 50w\" sizes=\"(max-width: 290px) 100vw, 290px\" \/><\/a>\n\t\t\t<\/dt><\/dl>\n\t\t\t<br style='clear: both' \/>\n\t\t<\/div>\n<\/p>\n","protected":false},"excerpt":{"rendered":"<p>(Segunda-feira, 12, Agosto) &#8211; C\u00e1 estamos n\u00f3s mais uma vez, prontos a contar-vos todas as novidades&#8230; Ontem \u00e0 noite, depois de um formid\u00e1vel e radical dia de piscina, era o dia de anivers\u00e1rio de um dos participantes e decidimos em conjunto fazer-lhe uma surpresa e cantar-lhe os famosos &#8220;Parab\u00e9ns&#8221;, oferecendo-lhe um cart\u00e3o de anivers\u00e1rio com uma dedicat\u00f3ria de cada um de n\u00f3s. Nessa mesma noite, todos os nossos animadores decidiram dar-nos uma noite para descansar mais cedo, porem n\u00f3s como adolescentes e com toda a nossa energia, aproveit\u00e1mos esse tempo nos quartos para por &#8220;a conversa em dia&#8221;, eh eh eh. Hoje de manh\u00e3, depois do pequeno almo\u00e7o, inici\u00e1mos mais uma parte do workshop sobre a &#8220;Europa&#8221;, desta vez com a presen\u00e7a do Stefan, diretor da casa que nos acolhe neste summer camp. Todos os participantes foram divididos em grupos. As propostas eram: &#8220;Europa&#8221;, &#8220;Euro&#8221;, &#8220;Uni\u00e3o Europeia&#8221; e por \u00faltimo &#8220;ONU&#8221; e &#8220;NATO&#8221;, que ningu\u00e9m escolheu. O objetivo, neste Dia Internacional da Juventude, estabelecido pela ONU, como lembrou o Stefan, era sermos detetives e investigadores. Cada grupo teria de ir \u00e0 procura de material e de elementos sobre cada um dos t\u00edtulos. Na internet, em revistas, dentro e fora da [&hellip;]<\/p>\n","protected":false},"author":1,"featured_media":5035,"comment_status":"open","ping_status":"open","sticky":false,"template":"","format":"standard","meta":{"ngg_post_thumbnail":0},"categories":[35],"tags":[],"_links":{"self":[{"href":"http:\/\/www.iyscpt.com\/index.php?rest_route=\/wp\/v2\/posts\/5032"}],"collection":[{"href":"http:\/\/www.iyscpt.com\/index.php?rest_route=\/wp\/v2\/posts"}],"about":[{"href":"http:\/\/www.iyscpt.com\/index.php?rest_route=\/wp\/v2\/types\/post"}],"author":[{"embeddable":true,"href":"http:\/\/www.iyscpt.com\/index.php?rest_route=\/wp\/v2\/users\/1"}],"replies":[{"embeddable":true,"href":"http:\/\/www.iyscpt.com\/index.php?rest_route=%2Fwp%2Fv2%2Fcomments&post=5032"}],"version-history":[{"count":2,"href":"http:\/\/www.iyscpt.com\/index.php?rest_route=\/wp\/v2\/posts\/5032\/revisions"}],"predecessor-version":[{"id":5039,"href":"http:\/\/www.iyscpt.com\/index.php?rest_route=\/wp\/v2\/posts\/5032\/revisions\/5039"}],"wp:featuredmedia":[{"embeddable":true,"href":"http:\/\/www.iyscpt.com\/index.php?rest_route=\/wp\/v2\/media\/5035"}],"wp:attachment":[{"href":"http:\/\/www.iyscpt.com\/index.php?rest_route=%2Fwp%2Fv2%2Fmedia&parent=5032"}],"wp:term":[{"taxonomy":"category","embeddable":true,"href":"http:\/\/www.iyscpt.com\/index.php?rest_route=%2Fwp%2Fv2%2Fcategories&post=5032"},{"taxonomy":"post_tag","embeddable":true,"href":"http:\/\/www.iyscpt.com\/index.php?rest_route=%2Fwp%2Fv2%2Ftags&post=5032"}],"curies":[{"name":"wp","href":"https:\/\/api.w.org\/{rel}","templated":true}]}}