{"id":4770,"date":"2013-08-09T15:07:45","date_gmt":"2013-08-09T14:07:45","guid":{"rendered":"http:\/\/www.iyscpt.com\/?p=4770"},"modified":"2013-08-09T16:16:58","modified_gmt":"2013-08-09T15:16:58","slug":"de-eschborn-a-francoforte-e-o-museu-do-dialogo","status":"publish","type":"post","link":"http:\/\/www.iyscpt.com\/?p=4770","title":{"rendered":"De Eschborn a Francoforte e o Museu do Di\u00e1logo"},"content":{"rendered":"<p>Quinta-feira (8 de Agosto) Oito da manh\u00e3: o despertador toca.<\/p>\n<p>Onde outrora havia um ambiente calmo e silencioso, depois de uma noite repleta de jogos divertidos que nos obrigaram a correr, a saltar e a trabalhar em equipa, apesar das diferen\u00e7as lingu\u00edsticas, passou a existir agita\u00e7\u00e3o e alegria, pois um novo dia de descoberta nascia.<\/p>\n<p>A seguir ao pequeno- almo\u00e7o, entr\u00e1mos no autocarro com destino a Eschborn, cidade irm\u00e3 da P\u00f3voa de Varzim. Pelos vidros, contempl\u00e1vamos a beleza dos campos, das florestas e de toda a vegeta\u00e7\u00e3o caracter\u00edstica desta regi\u00e3o, entre os estados regionais da Baviera e o Hessen.<\/p>\n<p>Sentados nos bancos do autocarro, os &#8220;summer campers&#8221;, acabaram por n\u00e3o resistir ao efeito tranquilizante do movimento da viatura e foram invadidos por um sono revigorante.<\/p>\n<p>Chegados ao destino, as participantes alem\u00e3s tornaram-se as nossas guias, indicando os principais pontos tur\u00edsticos da cidade. Vimos a c\u00e2mara municipal, entr\u00e1mos na Casa da Juventude, pass\u00e1mos pelo campo de futebol e visit\u00e1mos a igreja. Depois de um belo passeio, entr\u00e1mos no restaurante Balducci, onde ser\u00edamos recebidos pelo Sr. Presidente da C\u00e2mara de Eschborn, cidade anfitri\u00e3, e que aproveitou para nos saudar e conviver connosco durante esta fabulosa refei\u00e7\u00e3o.<\/p>\n<p>Seguidamente, dirigimo-nos a Francoforte, para visitar o &#8220;Museu do Di\u00e1logo&#8221;. Uma experi\u00eancia \u00fanica, um museu que se visitou em condi\u00e7\u00f5es especiais , de escurid\u00e3o absoluta. Desse modo, fomos conduzidos a viver a experi\u00eancia das pessoas cegas, tentando orientarmo-nos em completa escurid\u00e3o. Pudemos sentir os gr\u00e3os de caf\u00e9, o milho, o a\u00e7\u00facar com &#8220;outras m\u00e3os&#8221;.\u00a0 Pudemos ouvir os sons da natureza com &#8220;outros ouvidos&#8221;. Sentimos a \u00e1gua de uma maneira especial. Com esta experi\u00eancia extraordin\u00e1ria, pass\u00e1mos a ser mais compreensivos quanto ao dia-a-dia de um deficiente visual. No final da visita fic\u00e1mos surpreendidos pelo facto de o guia ser de facto cego e com o facto de que mesmo com esta limita\u00e7\u00e3o, nos ter guiado t\u00e3o bem.<\/p>\n<p>Infelizmente, o tempo escasseou e n\u00e3o pudemos visitar a cidade de Francoforte em pormenor. Mesmo assim, no regresso a &#8220;casa&#8221;, um dos monitores alem\u00e3es, o Eick, focou os pontos de maior interesse nesta grande cidade.<\/p>\n<p>Mafalda, Mariana e Patr\u00edcia<\/p>\n\n\t\t<style type=\"text\/css\">\n\t\t\t#gallery-1 {\n\t\t\t\tmargin: auto;\n\t\t\t}\n\t\t\t#gallery-1 .gallery-item {\n\t\t\t\tfloat: left;\n\t\t\t\tmargin-top: 10px;\n\t\t\t\ttext-align: center;\n\t\t\t\twidth: 33%;\n\t\t\t}\n\t\t\t#gallery-1 img {\n\t\t\t\tborder: 2px solid #cfcfcf;\n\t\t\t}\n\t\t\t#gallery-1 .gallery-caption {\n\t\t\t\tmargin-left: 0;\n\t\t\t}\n\t\t\t\/* see gallery_shortcode() in wp-includes\/media.php *\/\n\t\t<\/style>\n\t\t<div id='gallery-1' class='gallery galleryid-4770 gallery-columns-3 gallery-size-thumbnail'><dl class='gallery-item'>\n\t\t\t<dt class='gallery-icon landscape'>\n\t\t\t\t<a href='http:\/\/www.iyscpt.com\/wp-content\/uploads\/2013\/08\/0111.jpg' class=\"thickbox no_icon\"><img width=\"290\" height=\"290\" src=\"http:\/\/www.iyscpt.com\/wp-content\/uploads\/2013\/08\/0111-290x290.jpg\" class=\"attachment-thumbnail size-thumbnail\" alt=\"\" loading=\"lazy\" srcset=\"http:\/\/www.iyscpt.com\/wp-content\/uploads\/2013\/08\/0111-290x290.jpg 290w, http:\/\/www.iyscpt.com\/wp-content\/uploads\/2013\/08\/0111-50x50.jpg 50w\" sizes=\"(max-width: 290px) 100vw, 290px\" \/><\/a>\n\t\t\t<\/dt><\/dl><dl class='gallery-item'>\n\t\t\t<dt class='gallery-icon landscape'>\n\t\t\t\t<a href='http:\/\/www.iyscpt.com\/wp-content\/uploads\/2013\/08\/0211.jpg' class=\"thickbox no_icon\"><img width=\"290\" height=\"290\" src=\"http:\/\/www.iyscpt.com\/wp-content\/uploads\/2013\/08\/0211-290x290.jpg\" class=\"attachment-thumbnail size-thumbnail\" alt=\"\" loading=\"lazy\" srcset=\"http:\/\/www.iyscpt.com\/wp-content\/uploads\/2013\/08\/0211-290x290.jpg 290w, http:\/\/www.iyscpt.com\/wp-content\/uploads\/2013\/08\/0211-50x50.jpg 50w\" sizes=\"(max-width: 290px) 100vw, 290px\" \/><\/a>\n\t\t\t<\/dt><\/dl><dl class='gallery-item'>\n\t\t\t<dt class='gallery-icon landscape'>\n\t\t\t\t<a href='http:\/\/www.iyscpt.com\/wp-content\/uploads\/2013\/08\/0311.jpg' class=\"thickbox no_icon\"><img width=\"290\" height=\"290\" src=\"http:\/\/www.iyscpt.com\/wp-content\/uploads\/2013\/08\/0311-290x290.jpg\" class=\"attachment-thumbnail size-thumbnail\" alt=\"\" loading=\"lazy\" srcset=\"http:\/\/www.iyscpt.com\/wp-content\/uploads\/2013\/08\/0311-290x290.jpg 290w, http:\/\/www.iyscpt.com\/wp-content\/uploads\/2013\/08\/0311-50x50.jpg 50w\" sizes=\"(max-width: 290px) 100vw, 290px\" \/><\/a>\n\t\t\t<\/dt><\/dl><br style=\"clear: both\" \/>\n\t\t<\/div>\n\n","protected":false},"excerpt":{"rendered":"<p>Quinta-feira (8 de Agosto) Oito da manh\u00e3: o despertador toca. Onde outrora havia um ambiente calmo e silencioso, depois de uma noite repleta de jogos divertidos que nos obrigaram a correr, a saltar e a trabalhar em equipa, apesar das diferen\u00e7as lingu\u00edsticas, passou a existir agita\u00e7\u00e3o e alegria, pois um novo dia de descoberta nascia. A seguir ao pequeno- almo\u00e7o, entr\u00e1mos no autocarro com destino a Eschborn, cidade irm\u00e3 da P\u00f3voa de Varzim. Pelos vidros, contempl\u00e1vamos a beleza dos campos, das florestas e de toda a vegeta\u00e7\u00e3o caracter\u00edstica desta regi\u00e3o, entre os estados regionais da Baviera e o Hessen. Sentados nos bancos do autocarro, os &#8220;summer campers&#8221;, acabaram por n\u00e3o resistir ao efeito tranquilizante do movimento da viatura e foram invadidos por um sono revigorante. Chegados ao destino, as participantes alem\u00e3s tornaram-se as nossas guias, indicando os principais pontos tur\u00edsticos da cidade. Vimos a c\u00e2mara municipal, entr\u00e1mos na Casa da Juventude, pass\u00e1mos pelo campo de futebol e visit\u00e1mos a igreja. Depois de um belo passeio, entr\u00e1mos no restaurante Balducci, onde ser\u00edamos recebidos pelo Sr. Presidente da C\u00e2mara de Eschborn, cidade anfitri\u00e3, e que aproveitou para nos saudar e conviver connosco durante esta fabulosa refei\u00e7\u00e3o. Seguidamente, dirigimo-nos a Francoforte, para visitar [&hellip;]<\/p>\n","protected":false},"author":1,"featured_media":4774,"comment_status":"open","ping_status":"open","sticky":false,"template":"","format":"standard","meta":{"ngg_post_thumbnail":0},"categories":[35],"tags":[],"_links":{"self":[{"href":"http:\/\/www.iyscpt.com\/index.php?rest_route=\/wp\/v2\/posts\/4770"}],"collection":[{"href":"http:\/\/www.iyscpt.com\/index.php?rest_route=\/wp\/v2\/posts"}],"about":[{"href":"http:\/\/www.iyscpt.com\/index.php?rest_route=\/wp\/v2\/types\/post"}],"author":[{"embeddable":true,"href":"http:\/\/www.iyscpt.com\/index.php?rest_route=\/wp\/v2\/users\/1"}],"replies":[{"embeddable":true,"href":"http:\/\/www.iyscpt.com\/index.php?rest_route=%2Fwp%2Fv2%2Fcomments&post=4770"}],"version-history":[{"count":3,"href":"http:\/\/www.iyscpt.com\/index.php?rest_route=\/wp\/v2\/posts\/4770\/revisions"}],"predecessor-version":[{"id":4785,"href":"http:\/\/www.iyscpt.com\/index.php?rest_route=\/wp\/v2\/posts\/4770\/revisions\/4785"}],"wp:featuredmedia":[{"embeddable":true,"href":"http:\/\/www.iyscpt.com\/index.php?rest_route=\/wp\/v2\/media\/4774"}],"wp:attachment":[{"href":"http:\/\/www.iyscpt.com\/index.php?rest_route=%2Fwp%2Fv2%2Fmedia&parent=4770"}],"wp:term":[{"taxonomy":"category","embeddable":true,"href":"http:\/\/www.iyscpt.com\/index.php?rest_route=%2Fwp%2Fv2%2Fcategories&post=4770"},{"taxonomy":"post_tag","embeddable":true,"href":"http:\/\/www.iyscpt.com\/index.php?rest_route=%2Fwp%2Fv2%2Ftags&post=4770"}],"curies":[{"name":"wp","href":"https:\/\/api.w.org\/{rel}","templated":true}]}}