{"id":4692,"date":"2013-08-08T14:25:56","date_gmt":"2013-08-08T13:25:56","guid":{"rendered":"http:\/\/www.iyscpt.com\/?p=4692"},"modified":"2013-08-08T14:25:56","modified_gmt":"2013-08-08T13:25:56","slug":"primeiras-horas-e-tanto-para-descobrir-e-viver-2","status":"publish","type":"post","link":"http:\/\/www.iyscpt.com\/?p=4692","title":{"rendered":"Primeiras horas e tanto para descobrir e viver!"},"content":{"rendered":"<p>Depois de uma viagem calma e relaxante e das primeiras impress\u00f5es ainda a bordo, c\u00e9u limpo e muito azul la fora, eis que o grupo Portugu\u00eas aterrou, a horas, no aeroporto de Frankfurt sempre t\u00e3o agitado e com longos corredores para percorrer at\u00e9 recolher as bagagens.<\/p>\n<p>Chegada simp\u00e1tica e acolhedora. Primeiras apresenta\u00e7\u00f5es e viagem de autocarro em dire\u00e7\u00e3o a Wurzburg. Chegada na hora prevista e rece\u00e7\u00e3o com pizza, que agradou a todos. Distribui\u00e7\u00e3o dos quartos, com o acordo de todos e noite de excita\u00e7\u00f5es pela frente. Com tanta coisa nova, com tanto para descobrir, com tantos nomes para fixar, com tanto para querer saber sobre todos os outros e cada um, quem tinha vontade de dormir.<\/p>\n<p>Dormir?<\/p>\n<p>S\u00f3 mais um bocadinho!<\/p>\n<p>Please! Tenho de ir pedir uma coisa a&#8230; ai, esqueci-me de lhe dizer que&#8230;<\/p>\n<p>&#8220;Oui&#8221;. &#8220;What&#8221;? &#8220;Podes ajudar-me&#8221;? &#8220;O que que \u00e9 que ele disse&#8221;? &#8221;<\/p>\n<p>I know you from last year!&#8221; &#8220;Was&#8221;?<\/p>\n<p>J\u00e1 se misturam as l\u00ednguas e todas as portas dos quartos. Assim como quem quer n\u00e3o querendo&#8230; e a noite foi longa, pois claro.<\/p>\n<p>Tanto que h\u00e1 para conversar e os dias ser\u00e3o t\u00e3o poucos. Tudo passar\u00e1 t\u00e3o rapidamente! &#8230; Ai, ai que n\u00e3o podemos perder nada. &#8220;O que \u00e9 que ela disse&#8221;? E as conversas prolongaram-se realmente pela noite dentro.<\/p>\n<p>De manha, acordar foi muuuuiiiiito dificil! Oooo qu\u00eaeeee???? Que horas s\u00e3o? Ehhhhhh. Ahhhhhh. Acordar. Onde estou? Ainda tudo um pouco confuso. Foi dormir muito rapidamente!<\/p>\n<p>Primeiras regras, Reconhecimento da Casa. Os quartos, a sala de jantar, as v\u00e1rias possibilidades. No interior e no exterior. Sala para jogos mais calmos e para televis\u00e3o. Sala com computador. Espa\u00e7os para jogos: matraquilhos, t\u00e9nis de mesa. No espa\u00e7o envolvente, um campo de voleibol, basquetebol, uma pequena e muiiiittoooo simp\u00e1tica piscina, com um excelente relvado.<\/p>\n<p>\u00c0 tarde, mais jogos de reconhecimento e de comunica\u00e7\u00e3o, afinal um dos grandes pontos deste interc\u00e2mbio: di\u00e1logo, comunica\u00e7\u00e3o, educa\u00e7\u00e3o para a cidadania. E tudo isto, em v\u00e1rias l\u00ednguas e com jovens de tr\u00eas cidades diferentes: P\u00f3voa de Varzim (Portugal), Eschborn (Alemanha) e Montgeron (Franca). Est\u00e3o a valer a pena estes primeiros dias. At\u00e9 o susto na Floresta, ao final da tarde de ter\u00e7a-feira &#8211; de repente, assim, num piscar de olhos, se abateu uma trovoada tropical sobre Wurzburg. As \u00e1rvores dobravam perante a intensidade e a for\u00e7a do vento; os ramos secos partiram-se e ca\u00edram em ru\u00eddos secos e quase assustadores&#8230; Ui, ui, ui&#8230; parecia mesmo uma floresta endiabrada e com vontade pr\u00f3pria, zangada?! A chuva forte come\u00e7ou a cair e conseguimos sair rapidamente da floresta. Deix\u00e1mos para tr\u00e1s as \u00e1rvores raivosas e partimos, debaixo de uma chuva grossa mas&#8230; lenta, seria?<\/p>\n<p>Jantar as 18h00, imaginem??? Nada a ver com os h\u00e1bitos portugueses e refei\u00e7\u00f5es frias, saladas, p\u00e3o, queijos, salames. Primeiro estranha-se&#8230; depois entranha-se&#8230; ou talvez n\u00e3o!<\/p>\n<p>Primeira visita a Wurzburg, \u00e0 noite. \u00d3timas impress\u00f5es. Viagem de el\u00e9trico at\u00e9 ao centro, primeira visita em grupo e depois tempo livre. A noite, foi menos longa, Todos mais calmos. Mais confiantes. Senhores da situa\u00e7\u00e3o.<\/p>\n<p>&#8220;Os portugueses s\u00e3o muito participativos e dispon\u00edveis!&#8221; Ouviu-se v\u00e1rias vezes! Bom. Muito bom. De acordo.<\/p>\n<p>A quarta-feira, 7 de Agosto, ser\u00e1 preenchida com Oficinas sobre a Europa, as rela\u00e7\u00f5es culturais, as ideias feitas, os preconceitos. Na quinta-feira, vamos visitar a cidade de Eschborn, a cidade que tem a responsabilidade da organiza\u00e7\u00e3o deste ano do Encontro Internacional de Jovens.<\/p>\n\n\t\t<style type=\"text\/css\">\n\t\t\t#gallery-1 {\n\t\t\t\tmargin: auto;\n\t\t\t}\n\t\t\t#gallery-1 .gallery-item {\n\t\t\t\tfloat: left;\n\t\t\t\tmargin-top: 10px;\n\t\t\t\ttext-align: center;\n\t\t\t\twidth: 33%;\n\t\t\t}\n\t\t\t#gallery-1 img {\n\t\t\t\tborder: 2px solid #cfcfcf;\n\t\t\t}\n\t\t\t#gallery-1 .gallery-caption {\n\t\t\t\tmargin-left: 0;\n\t\t\t}\n\t\t\t\/* see gallery_shortcode() in wp-includes\/media.php *\/\n\t\t<\/style>\n\t\t<div id='gallery-1' class='gallery galleryid-4692 gallery-columns-3 gallery-size-thumbnail'><dl class='gallery-item'>\n\t\t\t<dt class='gallery-icon portrait'>\n\t\t\t\t<a href='http:\/\/www.iyscpt.com\/wp-content\/uploads\/2013\/08\/017.jpg' class=\"thickbox no_icon\"><img width=\"290\" height=\"290\" src=\"http:\/\/www.iyscpt.com\/wp-content\/uploads\/2013\/08\/017-290x290.jpg\" class=\"attachment-thumbnail size-thumbnail\" alt=\"\" loading=\"lazy\" srcset=\"http:\/\/www.iyscpt.com\/wp-content\/uploads\/2013\/08\/017-290x290.jpg 290w, http:\/\/www.iyscpt.com\/wp-content\/uploads\/2013\/08\/017-50x50.jpg 50w\" sizes=\"(max-width: 290px) 100vw, 290px\" \/><\/a>\n\t\t\t<\/dt><\/dl><dl class='gallery-item'>\n\t\t\t<dt class='gallery-icon landscape'>\n\t\t\t\t<a href='http:\/\/www.iyscpt.com\/wp-content\/uploads\/2013\/08\/027.jpg' class=\"thickbox no_icon\"><img width=\"290\" height=\"290\" src=\"http:\/\/www.iyscpt.com\/wp-content\/uploads\/2013\/08\/027-290x290.jpg\" class=\"attachment-thumbnail size-thumbnail\" alt=\"\" loading=\"lazy\" srcset=\"http:\/\/www.iyscpt.com\/wp-content\/uploads\/2013\/08\/027-290x290.jpg 290w, http:\/\/www.iyscpt.com\/wp-content\/uploads\/2013\/08\/027-50x50.jpg 50w\" sizes=\"(max-width: 290px) 100vw, 290px\" \/><\/a>\n\t\t\t<\/dt><\/dl><dl class='gallery-item'>\n\t\t\t<dt class='gallery-icon landscape'>\n\t\t\t\t<a href='http:\/\/www.iyscpt.com\/wp-content\/uploads\/2013\/08\/037.jpg' class=\"thickbox no_icon\"><img width=\"290\" height=\"290\" src=\"http:\/\/www.iyscpt.com\/wp-content\/uploads\/2013\/08\/037-290x290.jpg\" class=\"attachment-thumbnail size-thumbnail\" alt=\"\" loading=\"lazy\" srcset=\"http:\/\/www.iyscpt.com\/wp-content\/uploads\/2013\/08\/037-290x290.jpg 290w, http:\/\/www.iyscpt.com\/wp-content\/uploads\/2013\/08\/037-50x50.jpg 50w\" sizes=\"(max-width: 290px) 100vw, 290px\" \/><\/a>\n\t\t\t<\/dt><\/dl><br style=\"clear: both\" \/><dl class='gallery-item'>\n\t\t\t<dt class='gallery-icon landscape'>\n\t\t\t\t<a href='http:\/\/www.iyscpt.com\/wp-content\/uploads\/2013\/08\/047.jpg' class=\"thickbox no_icon\"><img width=\"290\" height=\"290\" src=\"http:\/\/www.iyscpt.com\/wp-content\/uploads\/2013\/08\/047-290x290.jpg\" class=\"attachment-thumbnail size-thumbnail\" alt=\"\" loading=\"lazy\" srcset=\"http:\/\/www.iyscpt.com\/wp-content\/uploads\/2013\/08\/047-290x290.jpg 290w, http:\/\/www.iyscpt.com\/wp-content\/uploads\/2013\/08\/047-50x50.jpg 50w\" sizes=\"(max-width: 290px) 100vw, 290px\" \/><\/a>\n\t\t\t<\/dt><\/dl>\n\t\t\t<br style='clear: both' \/>\n\t\t<\/div>\n\n","protected":false},"excerpt":{"rendered":"<p>Depois de uma viagem calma e relaxante e das primeiras impress\u00f5es ainda a bordo, c\u00e9u limpo e muito azul la fora, eis que o grupo Portugu\u00eas aterrou, a horas, no aeroporto de Frankfurt sempre t\u00e3o agitado e com longos corredores para percorrer at\u00e9 recolher as bagagens. Chegada simp\u00e1tica e acolhedora. Primeiras apresenta\u00e7\u00f5es e viagem de autocarro em dire\u00e7\u00e3o a Wurzburg. Chegada na hora prevista e rece\u00e7\u00e3o com pizza, que agradou a todos. Distribui\u00e7\u00e3o dos quartos, com o acordo de todos e noite de excita\u00e7\u00f5es pela frente. Com tanta coisa nova, com tanto para descobrir, com tantos nomes para fixar, com tanto para querer saber sobre todos os outros e cada um, quem tinha vontade de dormir. Dormir? S\u00f3 mais um bocadinho! Please! Tenho de ir pedir uma coisa a&#8230; ai, esqueci-me de lhe dizer que&#8230; &#8220;Oui&#8221;. &#8220;What&#8221;? &#8220;Podes ajudar-me&#8221;? &#8220;O que que \u00e9 que ele disse&#8221;? &#8221; I know you from last year!&#8221; &#8220;Was&#8221;? J\u00e1 se misturam as l\u00ednguas e todas as portas dos quartos. Assim como quem quer n\u00e3o querendo&#8230; e a noite foi longa, pois claro. Tanto que h\u00e1 para conversar e os dias ser\u00e3o t\u00e3o poucos. Tudo passar\u00e1 t\u00e3o rapidamente! &#8230; Ai, ai que n\u00e3o podemos perder [&hellip;]<\/p>\n","protected":false},"author":1,"featured_media":4689,"comment_status":"open","ping_status":"open","sticky":false,"template":"","format":"standard","meta":{"ngg_post_thumbnail":0},"categories":[33],"tags":[],"_links":{"self":[{"href":"http:\/\/www.iyscpt.com\/index.php?rest_route=\/wp\/v2\/posts\/4692"}],"collection":[{"href":"http:\/\/www.iyscpt.com\/index.php?rest_route=\/wp\/v2\/posts"}],"about":[{"href":"http:\/\/www.iyscpt.com\/index.php?rest_route=\/wp\/v2\/types\/post"}],"author":[{"embeddable":true,"href":"http:\/\/www.iyscpt.com\/index.php?rest_route=\/wp\/v2\/users\/1"}],"replies":[{"embeddable":true,"href":"http:\/\/www.iyscpt.com\/index.php?rest_route=%2Fwp%2Fv2%2Fcomments&post=4692"}],"version-history":[{"count":2,"href":"http:\/\/www.iyscpt.com\/index.php?rest_route=\/wp\/v2\/posts\/4692\/revisions"}],"predecessor-version":[{"id":4695,"href":"http:\/\/www.iyscpt.com\/index.php?rest_route=\/wp\/v2\/posts\/4692\/revisions\/4695"}],"wp:featuredmedia":[{"embeddable":true,"href":"http:\/\/www.iyscpt.com\/index.php?rest_route=\/wp\/v2\/media\/4689"}],"wp:attachment":[{"href":"http:\/\/www.iyscpt.com\/index.php?rest_route=%2Fwp%2Fv2%2Fmedia&parent=4692"}],"wp:term":[{"taxonomy":"category","embeddable":true,"href":"http:\/\/www.iyscpt.com\/index.php?rest_route=%2Fwp%2Fv2%2Fcategories&post=4692"},{"taxonomy":"post_tag","embeddable":true,"href":"http:\/\/www.iyscpt.com\/index.php?rest_route=%2Fwp%2Fv2%2Ftags&post=4692"}],"curies":[{"name":"wp","href":"https:\/\/api.w.org\/{rel}","templated":true}]}}