{"id":4422,"date":"2013-08-07T17:10:35","date_gmt":"2013-08-07T16:10:35","guid":{"rendered":"http:\/\/www.iyscpt.com\/?p=4422"},"modified":"2013-08-07T18:50:04","modified_gmt":"2013-08-07T17:50:04","slug":"jovens-poveiros-ja-se-encontram-na-alemanha-4","status":"publish","type":"post","link":"http:\/\/www.iyscpt.com\/?p=4422","title":{"rendered":"Jovens poveiros j\u00e1 se encontram na Alemanha"},"content":{"rendered":"<p><img loading=\"lazy\" class=\"alignleft size-medium wp-image-4419\" title=\"jovens_aeroporto_2013\" src=\"http:\/\/www.iyscpt.com\/wp-content\/uploads\/2013\/08\/jovens_aeroporto-300x225.jpg\" alt=\"\" width=\"300\" height=\"225\" srcset=\"http:\/\/www.iyscpt.com\/wp-content\/uploads\/2013\/08\/jovens_aeroporto-300x225.jpg 300w, http:\/\/www.iyscpt.com\/wp-content\/uploads\/2013\/08\/jovens_aeroporto.jpg 600w\" sizes=\"(max-width: 300px) 100vw, 300px\" \/>Os nove jovens poveiros, participantes no Encontro Internacional de Jovens, partiram ontem rumo a W\u00fcrzburg, cidade alem\u00e3 onde, at\u00e9 dia 16 de agosto, ir\u00e1 decorrer esta edi\u00e7\u00e3o.<\/p>\n<p>Com idades compreendidas entre os 14 e os 17 anos, 28 jovens provenientes de Montgeron (Fran\u00e7a) e Eschborn (Alemanha) \u2013 duas das cidades com as quais a P\u00f3voa de Varzim estabeleceu protocolos de gemina\u00e7\u00e3o e amizade \u2013 ir\u00e3o viver novas experi\u00eancias, enriquecedoras a n\u00edvel pessoal e social. Para estabelecer e fortalecer os la\u00e7os de amizade e coopera\u00e7\u00e3o, os\u00a0jovens\u00a0participantes ir\u00e3o contar com um programa de atividades onde se incluem idas \u00e0 praia fluvial, provas de BTT, canoagem e escalada, circuitos pedestres, jogos interativos, fotografia, v\u00eddeo, passatempos, futebol, basquetebol, visitas culturais, entre muitas outras.<\/p>\n<p>Este ano, o Encontro \u00e9 organizado por Eschborn.<\/p>\n","protected":false},"excerpt":{"rendered":"<p>Os nove jovens poveiros, participantes no Encontro Internacional de Jovens, partiram ontem rumo a W\u00fcrzburg, cidade alem\u00e3 onde, at\u00e9 dia 16 de agosto, ir\u00e1 decorrer esta edi\u00e7\u00e3o. Com idades compreendidas entre os 14 e os 17 anos, 28 jovens provenientes de Montgeron (Fran\u00e7a) e Eschborn (Alemanha) \u2013 duas das cidades com as quais a P\u00f3voa de Varzim estabeleceu protocolos de gemina\u00e7\u00e3o e amizade \u2013 ir\u00e3o viver novas experi\u00eancias, enriquecedoras a n\u00edvel pessoal e social. Para estabelecer e fortalecer os la\u00e7os de amizade e coopera\u00e7\u00e3o, os\u00a0jovens\u00a0participantes ir\u00e3o contar com um programa de atividades onde se incluem idas \u00e0 praia fluvial, provas de BTT, canoagem e escalada, circuitos pedestres, jogos interativos, fotografia, v\u00eddeo, passatempos, futebol, basquetebol, visitas culturais, entre muitas outras. Este ano, o Encontro \u00e9 organizado por Eschborn.<\/p>\n","protected":false},"author":1,"featured_media":4419,"comment_status":"open","ping_status":"open","sticky":false,"template":"","format":"standard","meta":{"ngg_post_thumbnail":0},"categories":[35],"tags":[],"_links":{"self":[{"href":"http:\/\/www.iyscpt.com\/index.php?rest_route=\/wp\/v2\/posts\/4422"}],"collection":[{"href":"http:\/\/www.iyscpt.com\/index.php?rest_route=\/wp\/v2\/posts"}],"about":[{"href":"http:\/\/www.iyscpt.com\/index.php?rest_route=\/wp\/v2\/types\/post"}],"author":[{"embeddable":true,"href":"http:\/\/www.iyscpt.com\/index.php?rest_route=\/wp\/v2\/users\/1"}],"replies":[{"embeddable":true,"href":"http:\/\/www.iyscpt.com\/index.php?rest_route=%2Fwp%2Fv2%2Fcomments&post=4422"}],"version-history":[{"count":15,"href":"http:\/\/www.iyscpt.com\/index.php?rest_route=\/wp\/v2\/posts\/4422\/revisions"}],"predecessor-version":[{"id":4425,"href":"http:\/\/www.iyscpt.com\/index.php?rest_route=\/wp\/v2\/posts\/4422\/revisions\/4425"}],"wp:featuredmedia":[{"embeddable":true,"href":"http:\/\/www.iyscpt.com\/index.php?rest_route=\/wp\/v2\/media\/4419"}],"wp:attachment":[{"href":"http:\/\/www.iyscpt.com\/index.php?rest_route=%2Fwp%2Fv2%2Fmedia&parent=4422"}],"wp:term":[{"taxonomy":"category","embeddable":true,"href":"http:\/\/www.iyscpt.com\/index.php?rest_route=%2Fwp%2Fv2%2Fcategories&post=4422"},{"taxonomy":"post_tag","embeddable":true,"href":"http:\/\/www.iyscpt.com\/index.php?rest_route=%2Fwp%2Fv2%2Ftags&post=4422"}],"curies":[{"name":"wp","href":"https:\/\/api.w.org\/{rel}","templated":true}]}}