{"id":4286,"date":"2012-07-27T07:29:33","date_gmt":"2012-07-27T06:29:33","guid":{"rendered":"http:\/\/www.iyscpt.com\/?p=4286"},"modified":"2013-08-07T23:31:26","modified_gmt":"2013-08-07T22:31:26","slug":"dialogo-entre-geracoes-sabedoria-aprender-partilhar-respeitar","status":"publish","type":"post","link":"http:\/\/www.iyscpt.com\/?p=4286","title":{"rendered":"Di\u00e1logo entre Gera\u00e7\u00f5es + Sabedoria. Aprender, partilhar, respeitar!"},"content":{"rendered":"<p>O encontro internacional de jovens, International Youth Summer Camp 2012, est\u00e1 a chagar ao fim. Durante duas semanas, entre 14 e 28 de Julho, os participantes, entre os 13 e os 90 anos, edificaram novos alicerces de cidadania, atrav\u00e9s do di\u00e1logo entre gera\u00e7\u00f5es.<\/p>\n<p>O projeto de 2012, com o patroc\u00ednio significativo do programa Europeu Juventude para Europa, A\u00e7\u00e3o 1, Interc\u00e2mbios de Juventude, e com o apoio das C\u00e2maras Municipais da P\u00f3voa de Varzim (Portugal), Montgeron (Fran\u00e7a), Zabbar (Malta), cidades parceiras no projeto, de \u00d3bidos e da Junta de Freguesia de Olho Marinho, decorreu sob a \u00e9gide do Ano Europeu para o Envelhecimento ativo e da Solidariedade entre Gera\u00e7\u00f5es, intitulado Di\u00e1logo entre Gera\u00e7\u00f5es + Sabedoria.<\/p>\n<p>Depois de um conjunto de atividades l\u00fadico-pedag\u00f3gicas, jogos, din\u00e2micas de grupo, reuni\u00f5es, sa\u00eddas culturais e oficinas, o grupo multinacional estava em condi\u00e7\u00f5es de apresentar as suas conclus\u00f5es nas tr\u00eas \u00e1reas fundamentais em que o di\u00e1logo entre gera\u00e7\u00f5es se estabeleceu, o Desporto, o Turismo e a Gastronomia.<\/p>\n<p>Tal como proposto inicialmente, os jovens participantes, entre os 13 e os 18 anos, em conjunto com os utentes dos centros sociais de \u00d3bidos e Olho Marinho, entre os 67 e os 90 anos, propunham-se enfrentar, em conjunto, o desafio do conhecimento, estabelecer uma rela\u00e7\u00e3o de partilha e amizade, viver uma experi\u00eancia de vida e assim aconteceu. Realizadas as v\u00e1rias sess\u00f5es, ultrapassadas as barreiras f\u00edsicas, do conhecimento e da experi\u00eancia, formou-se um bloco uno entre jovens e seniores, com vantagem para ambas as faixas et\u00e1rias. Para uns, mais sabedoria, para outros, uma experi\u00eancia feliz e o refor\u00e7o da atividade ao longo da vida.<\/p>\n<p>\u00c0 hora marcada, \u00e0s 18h00 de ter\u00e7a-feira, 24 de Julho, todos preparados para a presenta\u00e7\u00e3o final dos trabalhos, desta feita com a presen\u00e7a dos representantes dos munic\u00edpios envolvidos: a Dra. Lucinda Delgado, Vereadora da C\u00e2mara Municipal da P\u00f3voa de Varzim, Dra. S\u00edlvia Saramago, em representa\u00e7\u00e3o da C\u00e2mara Municipal de \u00d3bidos, Ana Calleja, em representa\u00e7\u00e3o da C\u00e2mara Municipal de Zabbar, Alice Bouvarel, pela C\u00e2mara de Montgeron e H\u00e9lder Mesquita, Presidente da Junta de Freguesia da Olho Marinho.<\/p>\n<p>A sess\u00e3o principiou com as interven\u00e7\u00f5es oficiais da C\u00e2mara Municipal da \u00d3bidos, aproveitando S\u00edlvia Saramago para agradecer a presen\u00e7a de todos, o envolvimento dos jovens e dos animadores, o distinto apoio do Programa Europeu, Juventude para a Europa, \u00e0 C\u00e2mara Municipal da P\u00f3voa de Varzim, pela escolha da Vila de \u00d3bidos como lugar central de realiza\u00e7\u00e3o do encontro, destacando ainda o papel fundamental e muito relevante de Francisco Casanova e Manuela Ribeiro pela excelente e significativa organiza\u00e7\u00e3o do encontro internacional.<\/p>\n<p>\u201cPara \u00d3bidos, a aposta na juventude \u00e9 determinante, pelo que, o acolhimento de um encontro com esta dimens\u00e3o que, para al\u00e9m da juventude, envolve a popula\u00e7\u00e3o mais velha, foi para n\u00f3s muito importante e um exemplo a seguir\u201d. \u201cObrigado aos organizadores e a todos pelo seu empenho e por dignificarem deste modo a cidadania europeia\u201d, afirmaria a Adjunta do Presidente da C\u00e2mara Municipal de \u00d3bidos.<\/p>\n<p>Logo a seguir, o Presidente da Junta de Freguesia de Olho Marinho, aproveitaria para se congratular com esta iniciativa, que veio trazer um movimento e uma alegria especial \u00e0 freguesia aos utentes do Centro Social de Olho Marinho. \u201cA partir das opini\u00f5es que pude recolher junto dos utentes do centro, que os conhe\u00e7o bem, a experi\u00eancia foi muito boa para eles, \u00fanica na sua vida\u201d. \u201cEspero que voltem um dia, que visitem Olho Marinho, obrigado\u201d.<\/p>\n<p>Logo a seguir, tanto a representante de Zabbar, Ana Calleja, como a representante de Montgeron, Alice Bouvarel, sublinhariam a import\u00e2ncia do projeto para afirma\u00e7\u00e3o de uma cidadania europeia mais s\u00f3lida e de uma juventude mais consciente do seu papel na sociedade. Aproveitariam ainda para agradecer ao programa Juventude para a Europa por acreditarem e apoiarem o encontro internacional.<\/p>\n<p>Finalmente, pela C\u00e2mara Municipal da P\u00f3voa de Varzim, Lucinda Delgado, sublinharia o objetivo fundamental do projeto, a promo\u00e7\u00e3o do di\u00e1logo entre as gera\u00e7\u00f5es e a valoriza\u00e7\u00e3o do envelhecimento ativo, como um caminho adequado para a constru\u00e7\u00e3o de uma sociedade sensata e sustent\u00e1vel. Adiantaria, que a P\u00f3voa de Varzim tem seguido um caminho digno de refer\u00eancia ao n\u00edvel dos interc\u00e2mbios internacionais de juventude, trabalhando, em conjunto com as cidades geminadas, por uma juventude mais robusta em valores e compet\u00eancias sociais fundamentais. \u201cGostaria de salientar o apoio da Comunidade Europeia, atrav\u00e9s do Programa Juventude para a Europa, A\u00e7\u00e3o 1, da C\u00e2mara Municipal de \u00d3bidos e da Junta de Freguesia de Olho Marinho, por terem contribu\u00eddo para a realiza\u00e7\u00e3o das Oficinas tem\u00e1ticas, e saudar a equipa organizadora da Associa\u00e7\u00e3o de Amizade P\u00f3voa de Varzim Cidades Geminadas, pelo excelente trabalho realizado\u201d, afirmou a Vereadora da C\u00e2mara Municipal da P\u00f3voa de Varzim.<\/p>\n<p>A sess\u00e3o prosseguiria com a apresenta\u00e7\u00e3o das conclus\u00f5es das oficinas de Desporto, Turismo e Gastronomia. Sucedendo-se no palco do audit\u00f3rio do Campo Aventura, os grupos puderam descrever, recorrendo \u00e0s tecnologias de informa\u00e7\u00e3o e a pequenas a\u00e7\u00f5es performativas, a sua experi\u00eancia, as conquitas, num trabalho dominado pela informa\u00e7\u00e3o e pela emo\u00e7\u00e3o. No Desporto, perceberam a import\u00e2ncia da vida ativa com o desporto, da coordena\u00e7\u00e3o de movimentos e da necessidade em investir numa vida saud\u00e1vel. No turismo, reconheceram o valor das mem\u00f3rias guardadas pelas pessoas que, de resto, trazem aos lugares a vida e o interesse em serem visitados. \u00c9 esse patrim\u00f3nio guardado e valorizado pelas pessoas que torna os lugares ricos e mais dignos. J\u00e1 na gastronomia, o grupo relatava a import\u00e2ncia de aprender com os mais velhos os segredos da cozinha, como confecionar e respeitar os alimentos. Atrav\u00e9s do P\u00e3o com Chouri\u00e7o, t\u00e3o celebrado pelas bandas do oeste, e das Filhoses, monumento nacional da do\u00e7aria, os participantes puderam viajar pela gastronomia e pela cultura portuguesa, conhecendo os alimentos, as quantidades, o modo de usar, e perceber que cozinhar \u00e9 tamb\u00e9m uma festa para o ser humano, pois, na maioria das vezes, enquanto cozinha celebra, tal como aconteceu desta vez com interpreta\u00e7\u00e3o de tantas can\u00e7\u00f5es populares como \u201cOh Rosa arredonda a saia\u2026\u201d, \u201cOh Rama oh que linda rama\u2026\u201d, em conjunto com os mais velhos.<\/p>\n<p>A sess\u00e3o saldar-se-ia, por isso, por um verdadeiro turbilh\u00e3o de emo\u00e7\u00f5es e viv\u00eancias singulares, tal como aqui fica expresso por alguns dos participantes: \u201cneste interc\u00e2mbio aprendi mais a falar com as outras pessoas\u201d (Carlos, 14 anos); \u201caprendi v\u00e1rias coisas, uma delas, a de que podia falar com pessoas de l\u00ednguas diferentes\u201d (Paula, 14 anos); \u201caprendi coisas muito importantes para toda a minha vida, a falar com pessoas de l\u00edngua diferente e a respeitar as diferen\u00e7as culturais\u201d (Mariana, 15 anos); \u201cadorei viver culturas diferentes\u201d (Alice, 15 anos); \u201caprendi a conviver melhor com as pessoas da minha idade, aprendi que as pessoas mais velhas podem ensinar e ajudar-nos, porque j\u00e1 viveram as mesmas situa\u00e7\u00f5es que n\u00f3s\u201d (Jo\u00e3o, 16 anos); \u201caprendi a interagir com outras culturas, realidades diferentes enriquecendo a minha personalidade. Pela primeira vez, apercebi-me que mesmo n\u00e3o falando a mesma l\u00edngua as pessoas podem comunicar e estabelecer la\u00e7os umas com as outras\u201d (Rui, 18 anos); \u201cabertura a novas ideias, culturas e estilos de vida. Cresci. Aprendi a gerir o meu dinheiro, roupa e compromissos (\u2026) o tema proposto, di\u00e1logo entre gera\u00e7\u00f5es, alertou-me para a import\u00e2ncia dos mais velhos na sociedade, a sabedoria que podem transmitir e o afeto que podemos trocar\u201d (Odete, 18 anos).<\/p>\n<p>A jornada terminaria com um churrasco e uma festa entre todos os participantes.<\/p>\n<p>J\u00e1 s\u00f3 falta mais umas horas para tudo terminar. Antes disso, haver\u00e1 tempo para a \u00faltima reuni\u00e3o geral, as avalia\u00e7\u00f5es e o registo de todos os coment\u00e1rios, no Message Book, sobre o encontro de 2012. Depois, um torneio de Futebol, Voleibol e Badminton, 3&#215;3 Play and Go, que levar\u00e1 at\u00e9 \u00e0 Farewell Party. Por fim, as despedidas, os abra\u00e7os, as trocas de contactos e a promessa, eventual, de at\u00e9 para o ano na Alemanha. Boa Viagem!<\/p>\n<p>&nbsp;<\/p>\n\n\t\t<style type=\"text\/css\">\n\t\t\t#gallery-1 {\n\t\t\t\tmargin: auto;\n\t\t\t}\n\t\t\t#gallery-1 .gallery-item {\n\t\t\t\tfloat: left;\n\t\t\t\tmargin-top: 10px;\n\t\t\t\ttext-align: center;\n\t\t\t\twidth: 33%;\n\t\t\t}\n\t\t\t#gallery-1 img {\n\t\t\t\tborder: 2px solid #cfcfcf;\n\t\t\t}\n\t\t\t#gallery-1 .gallery-caption {\n\t\t\t\tmargin-left: 0;\n\t\t\t}\n\t\t\t\/* see gallery_shortcode() in wp-includes\/media.php *\/\n\t\t<\/style>\n\t\t<div id='gallery-1' class='gallery galleryid-4286 gallery-columns-3 gallery-size-thumbnail'><dl class='gallery-item'>\n\t\t\t<dt class='gallery-icon landscape'>\n\t\t\t\t<a href='http:\/\/www.iyscpt.com\/wp-content\/uploads\/2012\/07\/00147.jpg' class=\"thickbox no_icon\"><img width=\"290\" height=\"290\" src=\"http:\/\/www.iyscpt.com\/wp-content\/uploads\/2012\/07\/00147-290x290.jpg\" class=\"attachment-thumbnail size-thumbnail\" alt=\"\" loading=\"lazy\" srcset=\"http:\/\/www.iyscpt.com\/wp-content\/uploads\/2012\/07\/00147-290x290.jpg 290w, http:\/\/www.iyscpt.com\/wp-content\/uploads\/2012\/07\/00147-50x50.jpg 50w\" sizes=\"(max-width: 290px) 100vw, 290px\" \/><\/a>\n\t\t\t<\/dt><\/dl><dl class='gallery-item'>\n\t\t\t<dt class='gallery-icon landscape'>\n\t\t\t\t<a href='http:\/\/www.iyscpt.com\/wp-content\/uploads\/2012\/07\/00242.jpg' class=\"thickbox no_icon\"><img width=\"290\" height=\"290\" src=\"http:\/\/www.iyscpt.com\/wp-content\/uploads\/2012\/07\/00242-290x290.jpg\" class=\"attachment-thumbnail size-thumbnail\" alt=\"\" loading=\"lazy\" srcset=\"http:\/\/www.iyscpt.com\/wp-content\/uploads\/2012\/07\/00242-290x290.jpg 290w, http:\/\/www.iyscpt.com\/wp-content\/uploads\/2012\/07\/00242-50x50.jpg 50w\" sizes=\"(max-width: 290px) 100vw, 290px\" \/><\/a>\n\t\t\t<\/dt><\/dl><dl class='gallery-item'>\n\t\t\t<dt class='gallery-icon landscape'>\n\t\t\t\t<a href='http:\/\/www.iyscpt.com\/wp-content\/uploads\/2012\/07\/00341.jpg' class=\"thickbox no_icon\"><img width=\"290\" height=\"290\" src=\"http:\/\/www.iyscpt.com\/wp-content\/uploads\/2012\/07\/00341-290x290.jpg\" class=\"attachment-thumbnail size-thumbnail\" alt=\"\" loading=\"lazy\" srcset=\"http:\/\/www.iyscpt.com\/wp-content\/uploads\/2012\/07\/00341-290x290.jpg 290w, http:\/\/www.iyscpt.com\/wp-content\/uploads\/2012\/07\/00341-50x50.jpg 50w\" sizes=\"(max-width: 290px) 100vw, 290px\" \/><\/a>\n\t\t\t<\/dt><\/dl><br style=\"clear: both\" \/><dl class='gallery-item'>\n\t\t\t<dt class='gallery-icon landscape'>\n\t\t\t\t<a href='http:\/\/www.iyscpt.com\/wp-content\/uploads\/2012\/07\/00431.jpg' class=\"thickbox no_icon\"><img width=\"290\" height=\"290\" src=\"http:\/\/www.iyscpt.com\/wp-content\/uploads\/2012\/07\/00431-290x290.jpg\" class=\"attachment-thumbnail size-thumbnail\" alt=\"\" loading=\"lazy\" srcset=\"http:\/\/www.iyscpt.com\/wp-content\/uploads\/2012\/07\/00431-290x290.jpg 290w, http:\/\/www.iyscpt.com\/wp-content\/uploads\/2012\/07\/00431-50x50.jpg 50w\" sizes=\"(max-width: 290px) 100vw, 290px\" \/><\/a>\n\t\t\t<\/dt><\/dl><dl class='gallery-item'>\n\t\t\t<dt class='gallery-icon landscape'>\n\t\t\t\t<a href='http:\/\/www.iyscpt.com\/wp-content\/uploads\/2012\/07\/00530.jpg' class=\"thickbox no_icon\"><img width=\"290\" height=\"290\" src=\"http:\/\/www.iyscpt.com\/wp-content\/uploads\/2012\/07\/00530-290x290.jpg\" class=\"attachment-thumbnail size-thumbnail\" alt=\"\" loading=\"lazy\" srcset=\"http:\/\/www.iyscpt.com\/wp-content\/uploads\/2012\/07\/00530-290x290.jpg 290w, http:\/\/www.iyscpt.com\/wp-content\/uploads\/2012\/07\/00530-50x50.jpg 50w\" sizes=\"(max-width: 290px) 100vw, 290px\" \/><\/a>\n\t\t\t<\/dt><\/dl><dl class='gallery-item'>\n\t\t\t<dt class='gallery-icon landscape'>\n\t\t\t\t<a href='http:\/\/www.iyscpt.com\/wp-content\/uploads\/2012\/07\/00628.jpg' class=\"thickbox no_icon\"><img width=\"290\" height=\"290\" src=\"http:\/\/www.iyscpt.com\/wp-content\/uploads\/2012\/07\/00628-290x290.jpg\" class=\"attachment-thumbnail size-thumbnail\" alt=\"\" loading=\"lazy\" srcset=\"http:\/\/www.iyscpt.com\/wp-content\/uploads\/2012\/07\/00628-290x290.jpg 290w, http:\/\/www.iyscpt.com\/wp-content\/uploads\/2012\/07\/00628-50x50.jpg 50w\" sizes=\"(max-width: 290px) 100vw, 290px\" \/><\/a>\n\t\t\t<\/dt><\/dl><br style=\"clear: both\" \/><dl class='gallery-item'>\n\t\t\t<dt class='gallery-icon landscape'>\n\t\t\t\t<a href='http:\/\/www.iyscpt.com\/wp-content\/uploads\/2012\/07\/00727.jpg' class=\"thickbox no_icon\"><img width=\"290\" height=\"290\" src=\"http:\/\/www.iyscpt.com\/wp-content\/uploads\/2012\/07\/00727-290x290.jpg\" class=\"attachment-thumbnail size-thumbnail\" alt=\"\" loading=\"lazy\" srcset=\"http:\/\/www.iyscpt.com\/wp-content\/uploads\/2012\/07\/00727-290x290.jpg 290w, http:\/\/www.iyscpt.com\/wp-content\/uploads\/2012\/07\/00727-50x50.jpg 50w\" sizes=\"(max-width: 290px) 100vw, 290px\" \/><\/a>\n\t\t\t<\/dt><\/dl><dl class='gallery-item'>\n\t\t\t<dt class='gallery-icon landscape'>\n\t\t\t\t<a href='http:\/\/www.iyscpt.com\/wp-content\/uploads\/2012\/07\/00825.jpg' class=\"thickbox no_icon\"><img width=\"290\" height=\"290\" src=\"http:\/\/www.iyscpt.com\/wp-content\/uploads\/2012\/07\/00825-290x290.jpg\" class=\"attachment-thumbnail size-thumbnail\" alt=\"\" loading=\"lazy\" srcset=\"http:\/\/www.iyscpt.com\/wp-content\/uploads\/2012\/07\/00825-290x290.jpg 290w, http:\/\/www.iyscpt.com\/wp-content\/uploads\/2012\/07\/00825-50x50.jpg 50w\" sizes=\"(max-width: 290px) 100vw, 290px\" \/><\/a>\n\t\t\t<\/dt><\/dl><dl class='gallery-item'>\n\t\t\t<dt class='gallery-icon landscape'>\n\t\t\t\t<a href='http:\/\/www.iyscpt.com\/wp-content\/uploads\/2012\/07\/00923.jpg' class=\"thickbox no_icon\"><img width=\"290\" height=\"290\" src=\"http:\/\/www.iyscpt.com\/wp-content\/uploads\/2012\/07\/00923-290x290.jpg\" class=\"attachment-thumbnail size-thumbnail\" alt=\"\" loading=\"lazy\" srcset=\"http:\/\/www.iyscpt.com\/wp-content\/uploads\/2012\/07\/00923-290x290.jpg 290w, http:\/\/www.iyscpt.com\/wp-content\/uploads\/2012\/07\/00923-50x50.jpg 50w\" sizes=\"(max-width: 290px) 100vw, 290px\" \/><\/a>\n\t\t\t<\/dt><\/dl><br style=\"clear: both\" \/><dl class='gallery-item'>\n\t\t\t<dt class='gallery-icon landscape'>\n\t\t\t\t<a href='http:\/\/www.iyscpt.com\/wp-content\/uploads\/2012\/07\/01022.jpg' class=\"thickbox no_icon\"><img width=\"290\" height=\"290\" src=\"http:\/\/www.iyscpt.com\/wp-content\/uploads\/2012\/07\/01022-290x290.jpg\" class=\"attachment-thumbnail size-thumbnail\" alt=\"\" loading=\"lazy\" srcset=\"http:\/\/www.iyscpt.com\/wp-content\/uploads\/2012\/07\/01022-290x290.jpg 290w, http:\/\/www.iyscpt.com\/wp-content\/uploads\/2012\/07\/01022-50x50.jpg 50w\" sizes=\"(max-width: 290px) 100vw, 290px\" \/><\/a>\n\t\t\t<\/dt><\/dl><dl class='gallery-item'>\n\t\t\t<dt class='gallery-icon landscape'>\n\t\t\t\t<a href='http:\/\/www.iyscpt.com\/wp-content\/uploads\/2012\/07\/01119.jpg' class=\"thickbox no_icon\"><img width=\"290\" height=\"290\" src=\"http:\/\/www.iyscpt.com\/wp-content\/uploads\/2012\/07\/01119-290x290.jpg\" class=\"attachment-thumbnail size-thumbnail\" alt=\"\" loading=\"lazy\" srcset=\"http:\/\/www.iyscpt.com\/wp-content\/uploads\/2012\/07\/01119-290x290.jpg 290w, http:\/\/www.iyscpt.com\/wp-content\/uploads\/2012\/07\/01119-50x50.jpg 50w\" sizes=\"(max-width: 290px) 100vw, 290px\" \/><\/a>\n\t\t\t<\/dt><\/dl><dl class='gallery-item'>\n\t\t\t<dt class='gallery-icon landscape'>\n\t\t\t\t<a href='http:\/\/www.iyscpt.com\/wp-content\/uploads\/2012\/07\/01217.jpg' class=\"thickbox no_icon\"><img width=\"290\" height=\"290\" src=\"http:\/\/www.iyscpt.com\/wp-content\/uploads\/2012\/07\/01217-290x290.jpg\" class=\"attachment-thumbnail size-thumbnail\" alt=\"\" loading=\"lazy\" srcset=\"http:\/\/www.iyscpt.com\/wp-content\/uploads\/2012\/07\/01217-290x290.jpg 290w, http:\/\/www.iyscpt.com\/wp-content\/uploads\/2012\/07\/01217-50x50.jpg 50w\" sizes=\"(max-width: 290px) 100vw, 290px\" \/><\/a>\n\t\t\t<\/dt><\/dl><br style=\"clear: both\" \/><dl class='gallery-item'>\n\t\t\t<dt class='gallery-icon landscape'>\n\t\t\t\t<a href='http:\/\/www.iyscpt.com\/wp-content\/uploads\/2012\/07\/01315.jpg' class=\"thickbox no_icon\"><img width=\"290\" height=\"290\" src=\"http:\/\/www.iyscpt.com\/wp-content\/uploads\/2012\/07\/01315-290x290.jpg\" class=\"attachment-thumbnail size-thumbnail\" alt=\"\" loading=\"lazy\" srcset=\"http:\/\/www.iyscpt.com\/wp-content\/uploads\/2012\/07\/01315-290x290.jpg 290w, http:\/\/www.iyscpt.com\/wp-content\/uploads\/2012\/07\/01315-50x50.jpg 50w\" sizes=\"(max-width: 290px) 100vw, 290px\" \/><\/a>\n\t\t\t<\/dt><\/dl><dl class='gallery-item'>\n\t\t\t<dt class='gallery-icon landscape'>\n\t\t\t\t<a href='http:\/\/www.iyscpt.com\/wp-content\/uploads\/2012\/07\/01413.jpg' class=\"thickbox no_icon\"><img width=\"290\" height=\"290\" src=\"http:\/\/www.iyscpt.com\/wp-content\/uploads\/2012\/07\/01413-290x290.jpg\" class=\"attachment-thumbnail size-thumbnail\" alt=\"\" loading=\"lazy\" srcset=\"http:\/\/www.iyscpt.com\/wp-content\/uploads\/2012\/07\/01413-290x290.jpg 290w, http:\/\/www.iyscpt.com\/wp-content\/uploads\/2012\/07\/01413-50x50.jpg 50w\" sizes=\"(max-width: 290px) 100vw, 290px\" \/><\/a>\n\t\t\t<\/dt><\/dl><dl class='gallery-item'>\n\t\t\t<dt class='gallery-icon landscape'>\n\t\t\t\t<a href='http:\/\/www.iyscpt.com\/wp-content\/uploads\/2012\/07\/01514.jpg' class=\"thickbox no_icon\"><img width=\"290\" height=\"290\" src=\"http:\/\/www.iyscpt.com\/wp-content\/uploads\/2012\/07\/01514-290x290.jpg\" class=\"attachment-thumbnail size-thumbnail\" alt=\"\" loading=\"lazy\" srcset=\"http:\/\/www.iyscpt.com\/wp-content\/uploads\/2012\/07\/01514-290x290.jpg 290w, http:\/\/www.iyscpt.com\/wp-content\/uploads\/2012\/07\/01514-50x50.jpg 50w\" sizes=\"(max-width: 290px) 100vw, 290px\" \/><\/a>\n\t\t\t<\/dt><\/dl><br style=\"clear: both\" \/>\n\t\t<\/div>\n\n","protected":false},"excerpt":{"rendered":"<p>O encontro internacional de jovens, International Youth Summer Camp 2012, est\u00e1 a chagar ao fim. Durante duas semanas, entre 14 e 28 de Julho, os participantes, entre os 13 e os 90 anos, edificaram novos alicerces de cidadania, atrav\u00e9s do di\u00e1logo entre gera\u00e7\u00f5es. O projeto de 2012, com o patroc\u00ednio significativo do programa Europeu Juventude para Europa, A\u00e7\u00e3o 1, Interc\u00e2mbios de Juventude, e com o apoio das C\u00e2maras Municipais da P\u00f3voa de Varzim (Portugal), Montgeron (Fran\u00e7a), Zabbar (Malta), cidades parceiras no projeto, de \u00d3bidos e da Junta de Freguesia de Olho Marinho, decorreu sob a \u00e9gide do Ano Europeu para o Envelhecimento ativo e da Solidariedade entre Gera\u00e7\u00f5es, intitulado Di\u00e1logo entre Gera\u00e7\u00f5es + Sabedoria. Depois de um conjunto de atividades l\u00fadico-pedag\u00f3gicas, jogos, din\u00e2micas de grupo, reuni\u00f5es, sa\u00eddas culturais e oficinas, o grupo multinacional estava em condi\u00e7\u00f5es de apresentar as suas conclus\u00f5es nas tr\u00eas \u00e1reas fundamentais em que o di\u00e1logo entre gera\u00e7\u00f5es se estabeleceu, o Desporto, o Turismo e a Gastronomia. Tal como proposto inicialmente, os jovens participantes, entre os 13 e os 18 anos, em conjunto com os utentes dos centros sociais de \u00d3bidos e Olho Marinho, entre os 67 e os 90 anos, propunham-se enfrentar, em conjunto, o desafio [&hellip;]<\/p>\n","protected":false},"author":1,"featured_media":4290,"comment_status":"open","ping_status":"open","sticky":false,"template":"","format":"standard","meta":{"ngg_post_thumbnail":0},"categories":[30],"tags":[],"_links":{"self":[{"href":"http:\/\/www.iyscpt.com\/index.php?rest_route=\/wp\/v2\/posts\/4286"}],"collection":[{"href":"http:\/\/www.iyscpt.com\/index.php?rest_route=\/wp\/v2\/posts"}],"about":[{"href":"http:\/\/www.iyscpt.com\/index.php?rest_route=\/wp\/v2\/types\/post"}],"author":[{"embeddable":true,"href":"http:\/\/www.iyscpt.com\/index.php?rest_route=\/wp\/v2\/users\/1"}],"replies":[{"embeddable":true,"href":"http:\/\/www.iyscpt.com\/index.php?rest_route=%2Fwp%2Fv2%2Fcomments&post=4286"}],"version-history":[{"count":3,"href":"http:\/\/www.iyscpt.com\/index.php?rest_route=\/wp\/v2\/posts\/4286\/revisions"}],"predecessor-version":[{"id":4381,"href":"http:\/\/www.iyscpt.com\/index.php?rest_route=\/wp\/v2\/posts\/4286\/revisions\/4381"}],"wp:featuredmedia":[{"embeddable":true,"href":"http:\/\/www.iyscpt.com\/index.php?rest_route=\/wp\/v2\/media\/4290"}],"wp:attachment":[{"href":"http:\/\/www.iyscpt.com\/index.php?rest_route=%2Fwp%2Fv2%2Fmedia&parent=4286"}],"wp:term":[{"taxonomy":"category","embeddable":true,"href":"http:\/\/www.iyscpt.com\/index.php?rest_route=%2Fwp%2Fv2%2Fcategories&post=4286"},{"taxonomy":"post_tag","embeddable":true,"href":"http:\/\/www.iyscpt.com\/index.php?rest_route=%2Fwp%2Fv2%2Ftags&post=4286"}],"curies":[{"name":"wp","href":"https:\/\/api.w.org\/{rel}","templated":true}]}}